{"id":39,"date":"2024-09-03T20:15:31","date_gmt":"2024-09-03T18:15:31","guid":{"rendered":"https:\/\/www.sambuc.fr\/org\/?p=39"},"modified":"2024-11-24T11:56:38","modified_gmt":"2024-11-24T10:56:38","slug":"nouvel-espace-pour-les-professionnels","status":"publish","type":"post","link":"https:\/\/www.sambuc.fr\/org\/2024\/09\/03\/nouvel-espace-pour-les-professionnels\/","title":{"rendered":"Nouvel espace pour les professionnels"},"content":{"rendered":"\n<p>Les \u00e9ditions Sambuc viennent de mettre en ligne un nouvel espace consacr\u00e9 aux professionnels du livre et de la culture : libraires, journalistes et autres partenaires culturels et institutionnels.<\/p>\n\n\n\n<p>Accessible \u00e0 l&rsquo;adresse <a href=\"https:\/\/www.sambuc.org\/\">www.sambuc.org<\/a>, il regroupe toutes les informations \u00e0 destination des librairies, de la presse g\u00e9n\u00e9raliste ou professionnelle, ainsi qu&rsquo;une description des diff\u00e9rentes activit\u00e9s de l&rsquo;entreprise.<\/p>\n\n\n\n<h2 class=\"wp-block-heading\">Une plateforme pour les libraires<\/h2>\n\n\n\n<p>Si vous \u00eates libraire, vous trouverez dans cet espace nos principales informations commerciales, ainsi que les moyens de nous contacter pour les commandes ou le suivi de stock.<\/p>\n\n\n\n<p>Acc\u00e9dez \u00e0 la page \u00e0 destination des libraires : <a href=\"https:\/\/www.sambuc.fr\/org\/vous-etes-une-librairie\/\" data-type=\"page\" data-id=\"17\">Vous \u00eates une librairie\u202f?<\/a><\/p>\n\n\n\n<h2 class=\"wp-block-heading\">Espace presse<\/h2>\n\n\n\n<p>Retrouvez tous nos communiqu\u00e9s sur la page d&rsquo;accueil de l&rsquo;espace professionnel, <a href=\"https:\/\/www.sambuc.org\/\">www.sambuc.org<\/a>.<\/p>\n\n\n\n<h2 class=\"wp-block-heading\">D\u00e9couvrez nos autres activit\u00e9s<\/h2>\n\n\n\n<p>En plus de la publication de livres, les \u00e9ditions Sambuc d\u00e9veloppent des solutions d&rsquo;acquisition des connaissance et de veille informationnelle. Retrouvez tous nos projets sur l&rsquo;accueil de l&rsquo;espace <a href=\"https:\/\/www.sambuc.org\/\">www.sambuc.org<\/a>, dans la rubrique <a href=\"https:\/\/www.sambuc.fr\/org\/#au-dela-du-livre\" data-type=\"page\" data-id=\"17\">Au-del\u00e0 du livre<\/a>.<\/p>\n","protected":false},"excerpt":{"rendered":"<p>Les \u00e9ditions Sambuc viennent de mettre en ligne un nouvel espace consacr\u00e9 aux professionnels du livre et de la culture : libraires, journalistes et autres partenaires culturels et institutionnels. Accessible \u00e0 l&rsquo;adresse www.sambuc.org, il regroupe toutes les informations \u00e0 destination des librairies, de la presse g\u00e9n\u00e9raliste ou professionnelle, ainsi qu&rsquo;une description des diff\u00e9rentes activit\u00e9s de [&hellip;]<\/p>\n","protected":false},"author":2,"featured_media":0,"comment_status":"closed","ping_status":"open","sticky":false,"template":"","format":"standard","meta":{"footnotes":""},"categories":[1],"tags":[],"class_list":["post-39","post","type-post","status-publish","format-standard","hentry","category-non-classe"],"_links":{"self":[{"href":"https:\/\/www.sambuc.fr\/org\/wp-json\/wp\/v2\/posts\/39","targetHints":{"allow":["GET"]}}],"collection":[{"href":"https:\/\/www.sambuc.fr\/org\/wp-json\/wp\/v2\/posts"}],"about":[{"href":"https:\/\/www.sambuc.fr\/org\/wp-json\/wp\/v2\/types\/post"}],"author":[{"embeddable":true,"href":"https:\/\/www.sambuc.fr\/org\/wp-json\/wp\/v2\/users\/2"}],"replies":[{"embeddable":true,"href":"https:\/\/www.sambuc.fr\/org\/wp-json\/wp\/v2\/comments?post=39"}],"version-history":[{"count":3,"href":"https:\/\/www.sambuc.fr\/org\/wp-json\/wp\/v2\/posts\/39\/revisions"}],"predecessor-version":[{"id":50,"href":"https:\/\/www.sambuc.fr\/org\/wp-json\/wp\/v2\/posts\/39\/revisions\/50"}],"wp:attachment":[{"href":"https:\/\/www.sambuc.fr\/org\/wp-json\/wp\/v2\/media?parent=39"}],"wp:term":[{"taxonomy":"category","embeddable":true,"href":"https:\/\/www.sambuc.fr\/org\/wp-json\/wp\/v2\/categories?post=39"},{"taxonomy":"post_tag","embeddable":true,"href":"https:\/\/www.sambuc.fr\/org\/wp-json\/wp\/v2\/tags?post=39"}],"curies":[{"name":"wp","href":"https:\/\/api.w.org\/{rel}","templated":true}]}}