{"id":66,"date":"2024-10-01T09:20:19","date_gmt":"2024-10-01T07:20:19","guid":{"rendered":"https:\/\/www.sambuc.fr\/org\/?p=66"},"modified":"2024-11-24T11:56:33","modified_gmt":"2024-11-24T10:56:33","slug":"communique-sambuc-au-34e-salon-de-la-revue-a-paris","status":"publish","type":"post","link":"https:\/\/www.sambuc.fr\/org\/2024\/10\/01\/communique-sambuc-au-34e-salon-de-la-revue-a-paris\/","title":{"rendered":"Communiqu\u00e9 : Sambuc au 34e Salon de la Revue \u00e0 Paris"},"content":{"rendered":"\n<p>Le Salon de la Revue ouvrira ses portes le 11 octobre \u00e0 Paris, rassemblant plus de trois cents exposants autour des publications p\u00e9riodiques.<\/p>\n\n\n\n<p>Les \u00e9ditions Sambuc y participeront, avec notamment la pr\u00e9sentation de nouvelles formules pour les revues <em>L\u2019Eau-forte<\/em> et <em>L\u2019Affiche encyclop\u00e9dique<\/em>. Cet \u00e9v\u00e9nement consacr\u00e9 aux revues fran\u00e7aises et francophones nous permet de vous faire d\u00e9couvrir les derni\u00e8res \u00e9volutions de ces deux revues.<\/p>\n\n\n\n<p><em>L&rsquo;Eau-forte <\/em>se recentre sur son lien \u00e0 l&rsquo;\u00e9v\u00e9nement annuel du Printemps des Po\u00e8tes, avec un prochain num\u00e9ro \u00e0 para\u00eetre en mars. De son c\u00f4t\u00e9, <em>L&rsquo;Affiche encyclop\u00e9dique<\/em> pr\u00e9sentera les publications et les innovations des \u00e9ditions Sambuc dans le domaine de l\u2019\u00e9dition num\u00e9rique et en ligne.<\/p>\n\n\n\n<p>T\u00e9l\u00e9chargez notre communiqu\u00e9 de presse d\u00e9taill\u00e9, pour plus d&rsquo;informations sur cette rencontre incontournable du secteur !<\/p>\n\n\n\n<div data-wp-interactive=\"core\/file\" class=\"wp-block-file\"><object data-wp-bind--hidden=\"!state.hasPdfPreview\" hidden class=\"wp-block-file__embed\" data=\"https:\/\/www.sambuc.fr\/org\/wp-content\/uploads\/2024\/10\/COMMUNIQUE-Sambuc-Salon-de-la-Revue-2024.pdf\" type=\"application\/pdf\" style=\"width:100%;height:200px\" aria-label=\"Contenu embarqu\u00e9 COMMUNIQUE-Sambuc-Salon-de-la-Revue-2024.\"><\/object><a id=\"wp-block-file--media-3c807e2c-999a-45da-b800-b65fffd03ad2\" href=\"https:\/\/www.sambuc.fr\/org\/wp-content\/uploads\/2024\/10\/COMMUNIQUE-Sambuc-Salon-de-la-Revue-2024.pdf\">COMMUNIQUE-Sambuc-Salon-de-la-Revue-2024<\/a><a href=\"https:\/\/www.sambuc.fr\/org\/wp-content\/uploads\/2024\/10\/COMMUNIQUE-Sambuc-Salon-de-la-Revue-2024.pdf\" class=\"wp-block-file__button wp-element-button\" download aria-describedby=\"wp-block-file--media-3c807e2c-999a-45da-b800-b65fffd03ad2\">T\u00e9l\u00e9charger<\/a><\/div>\n\n\n\n<p><\/p>\n","protected":false},"excerpt":{"rendered":"<p>Le Salon de la Revue ouvrira ses portes le 11 octobre \u00e0 Paris, rassemblant plus de trois cents exposants autour des publications p\u00e9riodiques. Les \u00e9ditions Sambuc y participeront, avec notamment la pr\u00e9sentation de nouvelles formules pour les revues L\u2019Eau-forte et L\u2019Affiche encyclop\u00e9dique. Cet \u00e9v\u00e9nement consacr\u00e9 aux revues fran\u00e7aises et francophones nous permet de vous faire [&hellip;]<\/p>\n","protected":false},"author":2,"featured_media":69,"comment_status":"closed","ping_status":"open","sticky":false,"template":"","format":"standard","meta":{"footnotes":""},"categories":[1],"tags":[],"class_list":["post-66","post","type-post","status-publish","format-standard","has-post-thumbnail","hentry","category-non-classe"],"_links":{"self":[{"href":"https:\/\/www.sambuc.fr\/org\/wp-json\/wp\/v2\/posts\/66","targetHints":{"allow":["GET"]}}],"collection":[{"href":"https:\/\/www.sambuc.fr\/org\/wp-json\/wp\/v2\/posts"}],"about":[{"href":"https:\/\/www.sambuc.fr\/org\/wp-json\/wp\/v2\/types\/post"}],"author":[{"embeddable":true,"href":"https:\/\/www.sambuc.fr\/org\/wp-json\/wp\/v2\/users\/2"}],"replies":[{"embeddable":true,"href":"https:\/\/www.sambuc.fr\/org\/wp-json\/wp\/v2\/comments?post=66"}],"version-history":[{"count":1,"href":"https:\/\/www.sambuc.fr\/org\/wp-json\/wp\/v2\/posts\/66\/revisions"}],"predecessor-version":[{"id":70,"href":"https:\/\/www.sambuc.fr\/org\/wp-json\/wp\/v2\/posts\/66\/revisions\/70"}],"wp:featuredmedia":[{"embeddable":true,"href":"https:\/\/www.sambuc.fr\/org\/wp-json\/wp\/v2\/media\/69"}],"wp:attachment":[{"href":"https:\/\/www.sambuc.fr\/org\/wp-json\/wp\/v2\/media?parent=66"}],"wp:term":[{"taxonomy":"category","embeddable":true,"href":"https:\/\/www.sambuc.fr\/org\/wp-json\/wp\/v2\/categories?post=66"},{"taxonomy":"post_tag","embeddable":true,"href":"https:\/\/www.sambuc.fr\/org\/wp-json\/wp\/v2\/tags?post=66"}],"curies":[{"name":"wp","href":"https:\/\/api.w.org\/{rel}","templated":true}]}}