{"id":84,"date":"2026-01-07T10:31:02","date_gmt":"2026-01-07T09:31:02","guid":{"rendered":"https:\/\/www.sambuc.fr\/org\/?p=84"},"modified":"2026-01-07T10:33:12","modified_gmt":"2026-01-07T09:33:12","slug":"vingt-deux-librairies-rejoignent-lannuaire-sambuc-en-decembre-2025","status":"publish","type":"post","link":"https:\/\/www.sambuc.fr\/org\/2026\/01\/07\/vingt-deux-librairies-rejoignent-lannuaire-sambuc-en-decembre-2025\/","title":{"rendered":"Vingt-deux librairies rejoignent l&rsquo;Annuaire Sambuc en d\u00e9cembre 2025"},"content":{"rendered":"\n<p><strong>L&rsquo;annuaire Sambuc s&rsquo;est enrichi <strong>le mois dernier<\/strong><\/strong> <strong>de vingt-deux nouvelles enseignes. Paris concentre neuf ajouts, mais les r\u00e9gions ne sont pas en reste : du Calvados \u00e0 la Haute-Savoie, de la Creuse \u00e0 l&rsquo;Ontario (Canada), le maillage se renforce. Sp\u00e9cialisation th\u00e9matique et formules hybrides librairie-caf\u00e9 dominent les tendances.<\/strong><\/p>\n\n\n<p>Le mois de d\u00e9cembre 2025 a vu l&rsquo;annuaire Sambuc accueillir vingt-deux nouvelles librairies. Cette vague d&rsquo;int\u00e9grations dessine une cartographie r\u00e9v\u00e9latrice du paysage libraire francophone, marqu\u00e9e par une forte pr\u00e9sence parisienne, un ancrage r\u00e9gional affirm\u00e9 et une diversification des mod\u00e8les.<\/p>\n<h2>Paris en t\u00eate<\/h2>\n<p>La capitale concentre neuf enseignes sur sept arrondissements. Le cinqui\u00e8me accueille <a href=\"https:\/\/www.sambuc.fr\/librairies\/?store=1844\">L&rsquo;Amie Prodigieuse<\/a>, sp\u00e9cialis\u00e9e en litt\u00e9ratures \u00e9trang\u00e8res, et <a href=\"https:\/\/www.sambuc.fr\/librairies\/?store=1832\">Plan C\u0153ur<\/a>, d\u00e9di\u00e9e \u00e0 la romance. Le treizi\u00e8me h\u00e9berge <a href=\"https:\/\/www.sambuc.fr\/librairies\/?store=1845\">A\u00efcha<\/a>, consacr\u00e9e \u00e0 la culture arabe. <a href=\"https:\/\/www.sambuc.fr\/librairies\/?store=1843\">L&rsquo;\u00c9crit du Regard<\/a> (2e) marie arts et po\u00e9sie en librairie-galerie, tandis que <a href=\"https:\/\/www.sambuc.fr\/librairies\/?store=1833\">Centrale<\/a> (3e) se voue enti\u00e8rement \u00e0 la po\u00e9sie. <a href=\"https:\/\/www.sambuc.fr\/librairies\/?store=1846\">La Zone<\/a> (14e, 43 m\u00b2) et <a href=\"https:\/\/www.sambuc.fr\/librairies\/?store=1847\">Nouvel \u00c9quipage<\/a> (20e), organis\u00e9e en collectif, compl\u00e8tent l&rsquo;offre g\u00e9n\u00e9raliste. La <a href=\"https:\/\/www.sambuc.fr\/librairies\/?store=1831\">Librairie K<\/a> (17e) ouvrira en janvier 2026 avec une sp\u00e9cialisation en livres FALC et adapt\u00e9s.<\/p>\n<h2>Dynamisme r\u00e9gional<\/h2>\n<p>En Normandie, <a href=\"https:\/\/www.sambuc.fr\/librairies\/?store=1837\">La Distillerie<\/a> ouvre \u00e0 Pont-l&rsquo;\u00c9v\u00eaque une vaste librairie-caf\u00e9 de 280 m\u00b2, <a href=\"https:\/\/www.sambuc.fr\/librairies\/?store=1826\">Chez Marcel et Yvonne<\/a> s&rsquo;installe \u00e0 Saint-Pierre-en-Auge, et <a href=\"https:\/\/www.sambuc.fr\/librairies\/?store=1828\">Encore un chapitre<\/a> d\u00e9marre \u00e0 Belbeuf. En Bretagne, <a href=\"https:\/\/www.sambuc.fr\/librairies\/?store=1830\">La Petite \u00c9tag\u00e8re<\/a> propose un fonds jeunesse \u00e0 Saint-Malo. La r\u00e9gion Auvergne-Rh\u00f4ne-Alpes compte <a href=\"https:\/\/www.sambuc.fr\/librairies\/?store=1836\">Au Jardin des Pages<\/a> \u00e0 Lyon, <a href=\"https:\/\/www.sambuc.fr\/librairies\/?store=1834\">Au sommet des mots<\/a> \u00e0 Cluses (sp\u00e9cialisation montagne), et l&rsquo;historique <a href=\"https:\/\/www.sambuc.fr\/librairies\/?store=1839\">Au fil des pages<\/a> de Roche-la-Moli\u00e8re, active depuis 2011. <a href=\"https:\/\/www.sambuc.fr\/librairies\/?store=1841\">Au fil des pages<\/a> ouvre \u00e0 Gu\u00e9ret en Creuse (100 m\u00b2, jeunesse). \u00c0 Nantes, <a href=\"https:\/\/www.sambuc.fr\/librairies\/?store=1838\">Cool Paper Zone<\/a> mise sur la micro-\u00e9dition et les fanzines. <a href=\"https:\/\/www.sambuc.fr\/librairies\/?store=1835\">Entre les lignes<\/a> s&rsquo;implante \u00e0 Pont-\u00e0-Mousson, <a href=\"https:\/\/www.sambuc.fr\/librairies\/?store=1829\">Storytime Caf\u00e9<\/a> \u00e0 Albi. En Val-de-Marne, <a href=\"https:\/\/www.sambuc.fr\/librairies\/?store=1842\">Au fil des pages &#8211; Librairie du R\u00e9veillon<\/a> \u00e0 Villecresnes, librairie salon de th\u00e9 depuis 2011, rejoint \u00e9galement l&rsquo;annuaire.<\/p>\n<h2>Ouverture francophone<\/h2>\n<p>L&rsquo;annuaire s&rsquo;enrichit de deux enseignes internationales : <a href=\"https:\/\/www.sambuc.fr\/librairies\/?store=1825\">La Ruche montoise<\/a>, librairie-caf\u00e9 progressiste \u00e0 Mons en Belgique, et <a href=\"https:\/\/www.sambuc.fr\/librairies\/?store=1827\">Librairie 10-04<\/a> \u00e0 Hearst en Ontario. Ce panorama confirme l&rsquo;attrait pour la sp\u00e9cialisation th\u00e9matique et les formules hybrides associant librairie et restauration l\u00e9g\u00e8re.<\/p>","protected":false},"excerpt":{"rendered":"<p>L&rsquo;annuaire Sambuc s&rsquo;est enrichi le mois dernier de vingt-deux nouvelles enseignes. Paris concentre neuf ajouts, mais les r\u00e9gions ne sont pas en reste : du Calvados \u00e0 la Haute-Savoie, de la Creuse \u00e0 l&rsquo;Ontario (Canada), le maillage se renforce. Sp\u00e9cialisation th\u00e9matique et formules hybrides librairie-caf\u00e9 dominent les tendances. Le mois de d\u00e9cembre 2025 a vu [&hellip;]<\/p>\n","protected":false},"author":2,"featured_media":0,"comment_status":"open","ping_status":"open","sticky":false,"template":"","format":"standard","meta":{"footnotes":""},"categories":[1],"tags":[],"class_list":["post-84","post","type-post","status-publish","format-standard","hentry","category-non-classe"],"_links":{"self":[{"href":"https:\/\/www.sambuc.fr\/org\/wp-json\/wp\/v2\/posts\/84","targetHints":{"allow":["GET"]}}],"collection":[{"href":"https:\/\/www.sambuc.fr\/org\/wp-json\/wp\/v2\/posts"}],"about":[{"href":"https:\/\/www.sambuc.fr\/org\/wp-json\/wp\/v2\/types\/post"}],"author":[{"embeddable":true,"href":"https:\/\/www.sambuc.fr\/org\/wp-json\/wp\/v2\/users\/2"}],"replies":[{"embeddable":true,"href":"https:\/\/www.sambuc.fr\/org\/wp-json\/wp\/v2\/comments?post=84"}],"version-history":[{"count":7,"href":"https:\/\/www.sambuc.fr\/org\/wp-json\/wp\/v2\/posts\/84\/revisions"}],"predecessor-version":[{"id":91,"href":"https:\/\/www.sambuc.fr\/org\/wp-json\/wp\/v2\/posts\/84\/revisions\/91"}],"wp:attachment":[{"href":"https:\/\/www.sambuc.fr\/org\/wp-json\/wp\/v2\/media?parent=84"}],"wp:term":[{"taxonomy":"category","embeddable":true,"href":"https:\/\/www.sambuc.fr\/org\/wp-json\/wp\/v2\/categories?post=84"},{"taxonomy":"post_tag","embeddable":true,"href":"https:\/\/www.sambuc.fr\/org\/wp-json\/wp\/v2\/tags?post=84"}],"curies":[{"name":"wp","href":"https:\/\/api.w.org\/{rel}","templated":true}]}}